{"id":1922,"date":"2024-10-15T11:38:04","date_gmt":"2024-10-15T09:38:04","guid":{"rendered":"https:\/\/www.rcefoto.com\/les-arrets-de-bus-dutrecht-deviennent-des-oasis-pour-les-abeilles\/"},"modified":"2025-11-02T16:35:27","modified_gmt":"2025-11-02T15:35:27","slug":"les-arrets-de-bus-dutrecht-deviennent-des-oasis-pour-les-abeilles","status":"publish","type":"post","link":"https:\/\/www.rcefoto.com\/fr\/les-arrets-de-bus-dutrecht-deviennent-des-oasis-pour-les-abeilles\/","title":{"rendered":"Les arr\u00eats de bus d&rsquo;Utrecht deviennent des oasis pour les abeilles"},"content":{"rendered":"","protected":false},"excerpt":{"rendered":"<p>Avec une initiative innovante, la ville n\u00e9erlandaise d\u2019Utrecht a transform\u00e9 plus de 300 arr\u00eats de bus en mini-oasis vertes pour les abeilles et autres insectes pollinisateurs.<\/p>\n","protected":false},"author":4,"featured_media":3947062,"comment_status":"closed","ping_status":"closed","sticky":false,"template":"","format":"standard","meta":{"_acf_changed":false,"footnotes":""},"categories":[2,54],"tags":[],"class_list":["post-1922","post","type-post","status-publish","format-standard","has-post-thumbnail","hentry","category-non-classifiee","category-second-hand-saves-the-world-fr"],"acf":[],"yoast_head":"<!-- This site is optimized with the Yoast SEO Premium plugin v26.1 (Yoast SEO v26.2) - https:\/\/yoast.com\/wordpress\/plugins\/seo\/ -->\n<title>Les arr\u00eats de bus d&#039;Utrecht deviennent des oasis pour les abeilles - RCE Foto<\/title>\n<meta name=\"description\" content=\"Avec une initiative innovante, la ville n\u00e9erlandaise d\u2019Utrecht a transform\u00e9 plus de 300 arr\u00eats de bus en mini-oasis vertes pour les abeilles et autres insectes pollinisateurs.\" \/>\n<meta name=\"robots\" content=\"index, follow, max-snippet:-1, max-image-preview:large, max-video-preview:-1\" \/>\n<link rel=\"canonical\" href=\"https:\/\/www.rcefoto.com\/fr\/les-arrets-de-bus-dutrecht-deviennent-des-oasis-pour-les-abeilles\/\" \/>\n<meta property=\"og:locale\" content=\"fr_FR\" \/>\n<meta property=\"og:type\" content=\"article\" \/>\n<meta property=\"og:title\" content=\"Les arr\u00eats de bus d&#039;Utrecht deviennent des oasis pour les abeilles\" \/>\n<meta property=\"og:description\" content=\"Avec une initiative innovante, la ville n\u00e9erlandaise d\u2019Utrecht a transform\u00e9 plus de 300 arr\u00eats de bus en mini-oasis vertes pour les abeilles et autres insectes pollinisateurs.\" \/>\n<meta property=\"og:url\" content=\"https:\/\/www.rcefoto.com\/fr\/les-arrets-de-bus-dutrecht-deviennent-des-oasis-pour-les-abeilles\/\" \/>\n<meta property=\"og:site_name\" content=\"RCE Foto\" \/>\n<meta property=\"article:publisher\" content=\"https:\/\/www.facebook.com\/rcefoto\/\" \/>\n<meta property=\"article:published_time\" content=\"2024-10-15T09:38:04+00:00\" \/>\n<meta property=\"article:modified_time\" content=\"2025-11-02T15:35:27+00:00\" \/>\n<meta property=\"og:image\" content=\"https:\/\/www.rcefoto.com\/wp-content\/uploads\/2024\/10\/utrecht.jpg\" \/>\n\t<meta property=\"og:image:width\" content=\"1495\" \/>\n\t<meta property=\"og:image:height\" content=\"899\" \/>\n\t<meta property=\"og:image:type\" content=\"image\/jpeg\" \/>\n<meta name=\"author\" content=\"Stefano Marchi\" \/>\n<meta name=\"twitter:card\" content=\"summary_large_image\" \/>\n<meta name=\"twitter:label1\" content=\"\u00c9crit par\" \/>\n\t<meta name=\"twitter:data1\" content=\"Stefano Marchi\" \/>\n\t<meta name=\"twitter:label2\" content=\"Dur\u00e9e de lecture estim\u00e9e\" \/>\n\t<meta name=\"twitter:data2\" content=\"2 minutes\" \/>\n<script type=\"application\/ld+json\" class=\"yoast-schema-graph\">{\"@context\":\"https:\/\/schema.org\",\"@graph\":[{\"@type\":\"Article\",\"@id\":\"https:\/\/www.rcefoto.com\/fr\/les-arrets-de-bus-dutrecht-deviennent-des-oasis-pour-les-abeilles\/#article\",\"isPartOf\":{\"@id\":\"https:\/\/www.rcefoto.com\/fr\/les-arrets-de-bus-dutrecht-deviennent-des-oasis-pour-les-abeilles\/\"},\"author\":{\"name\":\"Stefano Marchi\",\"@id\":\"https:\/\/www.rcefoto.com\/#\/schema\/person\/e65901157238d97bc6ef9bf48672a889\"},\"headline\":\"Les arr\u00eats de bus d&rsquo;Utrecht deviennent des oasis pour les abeilles\",\"datePublished\":\"2024-10-15T09:38:04+00:00\",\"dateModified\":\"2025-11-02T15:35:27+00:00\",\"mainEntityOfPage\":{\"@id\":\"https:\/\/www.rcefoto.com\/fr\/les-arrets-de-bus-dutrecht-deviennent-des-oasis-pour-les-abeilles\/\"},\"wordCount\":13,\"publisher\":{\"@id\":\"https:\/\/www.rcefoto.com\/#organization\"},\"image\":{\"@id\":\"https:\/\/www.rcefoto.com\/fr\/les-arrets-de-bus-dutrecht-deviennent-des-oasis-pour-les-abeilles\/#primaryimage\"},\"thumbnailUrl\":\"https:\/\/www.rcefoto.com\/wp-content\/uploads\/2024\/10\/utrecht.jpg\",\"articleSection\":[\"Non classifi\u00e9(e)\",\"Second Hand Saves The World\"],\"inLanguage\":\"fr-FR\"},{\"@type\":\"WebPage\",\"@id\":\"https:\/\/www.rcefoto.com\/fr\/les-arrets-de-bus-dutrecht-deviennent-des-oasis-pour-les-abeilles\/\",\"url\":\"https:\/\/www.rcefoto.com\/fr\/les-arrets-de-bus-dutrecht-deviennent-des-oasis-pour-les-abeilles\/\",\"name\":\"Les arr\u00eats de bus d'Utrecht deviennent des oasis pour les abeilles - RCE Foto\",\"isPartOf\":{\"@id\":\"https:\/\/www.rcefoto.com\/#website\"},\"primaryImageOfPage\":{\"@id\":\"https:\/\/www.rcefoto.com\/fr\/les-arrets-de-bus-dutrecht-deviennent-des-oasis-pour-les-abeilles\/#primaryimage\"},\"image\":{\"@id\":\"https:\/\/www.rcefoto.com\/fr\/les-arrets-de-bus-dutrecht-deviennent-des-oasis-pour-les-abeilles\/#primaryimage\"},\"thumbnailUrl\":\"https:\/\/www.rcefoto.com\/wp-content\/uploads\/2024\/10\/utrecht.jpg\",\"datePublished\":\"2024-10-15T09:38:04+00:00\",\"dateModified\":\"2025-11-02T15:35:27+00:00\",\"description\":\"Avec une initiative innovante, la ville n\u00e9erlandaise d\u2019Utrecht a transform\u00e9 plus de 300 arr\u00eats de bus en mini-oasis vertes pour les abeilles et autres insectes pollinisateurs.\",\"breadcrumb\":{\"@id\":\"https:\/\/www.rcefoto.com\/fr\/les-arrets-de-bus-dutrecht-deviennent-des-oasis-pour-les-abeilles\/#breadcrumb\"},\"inLanguage\":\"fr-FR\",\"potentialAction\":[{\"@type\":\"ReadAction\",\"target\":[\"https:\/\/www.rcefoto.com\/fr\/les-arrets-de-bus-dutrecht-deviennent-des-oasis-pour-les-abeilles\/\"]}]},{\"@type\":\"ImageObject\",\"inLanguage\":\"fr-FR\",\"@id\":\"https:\/\/www.rcefoto.com\/fr\/les-arrets-de-bus-dutrecht-deviennent-des-oasis-pour-les-abeilles\/#primaryimage\",\"url\":\"https:\/\/www.rcefoto.com\/wp-content\/uploads\/2024\/10\/utrecht.jpg\",\"contentUrl\":\"https:\/\/www.rcefoto.com\/wp-content\/uploads\/2024\/10\/utrecht.jpg\",\"width\":1495,\"height\":899},{\"@type\":\"BreadcrumbList\",\"@id\":\"https:\/\/www.rcefoto.com\/fr\/les-arrets-de-bus-dutrecht-deviennent-des-oasis-pour-les-abeilles\/#breadcrumb\",\"itemListElement\":[{\"@type\":\"ListItem\",\"position\":1,\"name\":\"--home--\",\"item\":\"https:\/\/www.rcefoto.com\/fr\/\"},{\"@type\":\"ListItem\",\"position\":2,\"name\":\"Les arr\u00eats de bus d&#8217;Utrecht deviennent des oasis pour les abeilles\"}]},{\"@type\":\"WebSite\",\"@id\":\"https:\/\/www.rcefoto.com\/#website\",\"url\":\"https:\/\/www.rcefoto.com\/\",\"name\":\"RCE Foto\",\"description\":\"Il pi\u00f9 grande mercato di usato fotografico garantito d&#039;Italia\",\"publisher\":{\"@id\":\"https:\/\/www.rcefoto.com\/#organization\"},\"potentialAction\":[{\"@type\":\"SearchAction\",\"target\":{\"@type\":\"EntryPoint\",\"urlTemplate\":\"https:\/\/www.rcefoto.com\/?s={search_term_string}\"},\"query-input\":{\"@type\":\"PropertyValueSpecification\",\"valueRequired\":true,\"valueName\":\"search_term_string\"}}],\"inLanguage\":\"fr-FR\"},{\"@type\":\"Organization\",\"@id\":\"https:\/\/www.rcefoto.com\/#organization\",\"name\":\"RCE Foto\",\"url\":\"https:\/\/www.rcefoto.com\/\",\"logo\":{\"@type\":\"ImageObject\",\"inLanguage\":\"fr-FR\",\"@id\":\"https:\/\/www.rcefoto.com\/#\/schema\/logo\/image\/\",\"url\":\"https:\/\/www.rcefoto.com\/wp-content\/uploads\/2025\/10\/logo-rce-2x.png\",\"contentUrl\":\"https:\/\/www.rcefoto.com\/wp-content\/uploads\/2025\/10\/logo-rce-2x.png\",\"width\":200,\"height\":200,\"caption\":\"RCE Foto\"},\"image\":{\"@id\":\"https:\/\/www.rcefoto.com\/#\/schema\/logo\/image\/\"},\"sameAs\":[\"https:\/\/www.facebook.com\/rcefoto\/\",\"https:\/\/www.instagram.com\/rce_foto\/\",\"https:\/\/www.youtube.com\/@RceFoto-Official\/featured\"]},{\"@type\":\"Person\",\"@id\":\"https:\/\/www.rcefoto.com\/#\/schema\/person\/e65901157238d97bc6ef9bf48672a889\",\"name\":\"Stefano Marchi\",\"url\":\"https:\/\/www.rcefoto.com\/fr\/author\/stefano-marchi\/\"}]}<\/script>\n<!-- \/ Yoast SEO Premium plugin. -->","yoast_head_json":{"title":"Les arr\u00eats de bus d'Utrecht deviennent des oasis pour les abeilles - RCE Foto","description":"Avec une initiative innovante, la ville n\u00e9erlandaise d\u2019Utrecht a transform\u00e9 plus de 300 arr\u00eats de bus en mini-oasis vertes pour les abeilles et autres insectes pollinisateurs.","robots":{"index":"index","follow":"follow","max-snippet":"max-snippet:-1","max-image-preview":"max-image-preview:large","max-video-preview":"max-video-preview:-1"},"canonical":"https:\/\/www.rcefoto.com\/fr\/les-arrets-de-bus-dutrecht-deviennent-des-oasis-pour-les-abeilles\/","og_locale":"fr_FR","og_type":"article","og_title":"Les arr\u00eats de bus d'Utrecht deviennent des oasis pour les abeilles","og_description":"Avec une initiative innovante, la ville n\u00e9erlandaise d\u2019Utrecht a transform\u00e9 plus de 300 arr\u00eats de bus en mini-oasis vertes pour les abeilles et autres insectes pollinisateurs.","og_url":"https:\/\/www.rcefoto.com\/fr\/les-arrets-de-bus-dutrecht-deviennent-des-oasis-pour-les-abeilles\/","og_site_name":"RCE Foto","article_publisher":"https:\/\/www.facebook.com\/rcefoto\/","article_published_time":"2024-10-15T09:38:04+00:00","article_modified_time":"2025-11-02T15:35:27+00:00","og_image":[{"width":1495,"height":899,"url":"https:\/\/www.rcefoto.com\/wp-content\/uploads\/2024\/10\/utrecht.jpg","type":"image\/jpeg"}],"author":"Stefano Marchi","twitter_card":"summary_large_image","twitter_misc":{"\u00c9crit par":"Stefano Marchi","Dur\u00e9e de lecture estim\u00e9e":"2 minutes"},"schema":{"@context":"https:\/\/schema.org","@graph":[{"@type":"Article","@id":"https:\/\/www.rcefoto.com\/fr\/les-arrets-de-bus-dutrecht-deviennent-des-oasis-pour-les-abeilles\/#article","isPartOf":{"@id":"https:\/\/www.rcefoto.com\/fr\/les-arrets-de-bus-dutrecht-deviennent-des-oasis-pour-les-abeilles\/"},"author":{"name":"Stefano Marchi","@id":"https:\/\/www.rcefoto.com\/#\/schema\/person\/e65901157238d97bc6ef9bf48672a889"},"headline":"Les arr\u00eats de bus d&rsquo;Utrecht deviennent des oasis pour les abeilles","datePublished":"2024-10-15T09:38:04+00:00","dateModified":"2025-11-02T15:35:27+00:00","mainEntityOfPage":{"@id":"https:\/\/www.rcefoto.com\/fr\/les-arrets-de-bus-dutrecht-deviennent-des-oasis-pour-les-abeilles\/"},"wordCount":13,"publisher":{"@id":"https:\/\/www.rcefoto.com\/#organization"},"image":{"@id":"https:\/\/www.rcefoto.com\/fr\/les-arrets-de-bus-dutrecht-deviennent-des-oasis-pour-les-abeilles\/#primaryimage"},"thumbnailUrl":"https:\/\/www.rcefoto.com\/wp-content\/uploads\/2024\/10\/utrecht.jpg","articleSection":["Non classifi\u00e9(e)","Second Hand Saves The World"],"inLanguage":"fr-FR"},{"@type":"WebPage","@id":"https:\/\/www.rcefoto.com\/fr\/les-arrets-de-bus-dutrecht-deviennent-des-oasis-pour-les-abeilles\/","url":"https:\/\/www.rcefoto.com\/fr\/les-arrets-de-bus-dutrecht-deviennent-des-oasis-pour-les-abeilles\/","name":"Les arr\u00eats de bus d'Utrecht deviennent des oasis pour les abeilles - RCE Foto","isPartOf":{"@id":"https:\/\/www.rcefoto.com\/#website"},"primaryImageOfPage":{"@id":"https:\/\/www.rcefoto.com\/fr\/les-arrets-de-bus-dutrecht-deviennent-des-oasis-pour-les-abeilles\/#primaryimage"},"image":{"@id":"https:\/\/www.rcefoto.com\/fr\/les-arrets-de-bus-dutrecht-deviennent-des-oasis-pour-les-abeilles\/#primaryimage"},"thumbnailUrl":"https:\/\/www.rcefoto.com\/wp-content\/uploads\/2024\/10\/utrecht.jpg","datePublished":"2024-10-15T09:38:04+00:00","dateModified":"2025-11-02T15:35:27+00:00","description":"Avec une initiative innovante, la ville n\u00e9erlandaise d\u2019Utrecht a transform\u00e9 plus de 300 arr\u00eats de bus en mini-oasis vertes pour les abeilles et autres insectes pollinisateurs.","breadcrumb":{"@id":"https:\/\/www.rcefoto.com\/fr\/les-arrets-de-bus-dutrecht-deviennent-des-oasis-pour-les-abeilles\/#breadcrumb"},"inLanguage":"fr-FR","potentialAction":[{"@type":"ReadAction","target":["https:\/\/www.rcefoto.com\/fr\/les-arrets-de-bus-dutrecht-deviennent-des-oasis-pour-les-abeilles\/"]}]},{"@type":"ImageObject","inLanguage":"fr-FR","@id":"https:\/\/www.rcefoto.com\/fr\/les-arrets-de-bus-dutrecht-deviennent-des-oasis-pour-les-abeilles\/#primaryimage","url":"https:\/\/www.rcefoto.com\/wp-content\/uploads\/2024\/10\/utrecht.jpg","contentUrl":"https:\/\/www.rcefoto.com\/wp-content\/uploads\/2024\/10\/utrecht.jpg","width":1495,"height":899},{"@type":"BreadcrumbList","@id":"https:\/\/www.rcefoto.com\/fr\/les-arrets-de-bus-dutrecht-deviennent-des-oasis-pour-les-abeilles\/#breadcrumb","itemListElement":[{"@type":"ListItem","position":1,"name":"--home--","item":"https:\/\/www.rcefoto.com\/fr\/"},{"@type":"ListItem","position":2,"name":"Les arr\u00eats de bus d&#8217;Utrecht deviennent des oasis pour les abeilles"}]},{"@type":"WebSite","@id":"https:\/\/www.rcefoto.com\/#website","url":"https:\/\/www.rcefoto.com\/","name":"RCE Foto","description":"Il pi\u00f9 grande mercato di usato fotografico garantito d&#039;Italia","publisher":{"@id":"https:\/\/www.rcefoto.com\/#organization"},"potentialAction":[{"@type":"SearchAction","target":{"@type":"EntryPoint","urlTemplate":"https:\/\/www.rcefoto.com\/?s={search_term_string}"},"query-input":{"@type":"PropertyValueSpecification","valueRequired":true,"valueName":"search_term_string"}}],"inLanguage":"fr-FR"},{"@type":"Organization","@id":"https:\/\/www.rcefoto.com\/#organization","name":"RCE Foto","url":"https:\/\/www.rcefoto.com\/","logo":{"@type":"ImageObject","inLanguage":"fr-FR","@id":"https:\/\/www.rcefoto.com\/#\/schema\/logo\/image\/","url":"https:\/\/www.rcefoto.com\/wp-content\/uploads\/2025\/10\/logo-rce-2x.png","contentUrl":"https:\/\/www.rcefoto.com\/wp-content\/uploads\/2025\/10\/logo-rce-2x.png","width":200,"height":200,"caption":"RCE Foto"},"image":{"@id":"https:\/\/www.rcefoto.com\/#\/schema\/logo\/image\/"},"sameAs":["https:\/\/www.facebook.com\/rcefoto\/","https:\/\/www.instagram.com\/rce_foto\/","https:\/\/www.youtube.com\/@RceFoto-Official\/featured"]},{"@type":"Person","@id":"https:\/\/www.rcefoto.com\/#\/schema\/person\/e65901157238d97bc6ef9bf48672a889","name":"Stefano Marchi","url":"https:\/\/www.rcefoto.com\/fr\/author\/stefano-marchi\/"}]}},"_links":{"self":[{"href":"https:\/\/www.rcefoto.com\/fr\/wp-json\/wp\/v2\/posts\/1922","targetHints":{"allow":["GET"]}}],"collection":[{"href":"https:\/\/www.rcefoto.com\/fr\/wp-json\/wp\/v2\/posts"}],"about":[{"href":"https:\/\/www.rcefoto.com\/fr\/wp-json\/wp\/v2\/types\/post"}],"author":[{"embeddable":true,"href":"https:\/\/www.rcefoto.com\/fr\/wp-json\/wp\/v2\/users\/4"}],"replies":[{"embeddable":true,"href":"https:\/\/www.rcefoto.com\/fr\/wp-json\/wp\/v2\/comments?post=1922"}],"version-history":[{"count":1,"href":"https:\/\/www.rcefoto.com\/fr\/wp-json\/wp\/v2\/posts\/1922\/revisions"}],"predecessor-version":[{"id":3947061,"href":"https:\/\/www.rcefoto.com\/fr\/wp-json\/wp\/v2\/posts\/1922\/revisions\/3947061"}],"wp:featuredmedia":[{"embeddable":true,"href":"https:\/\/www.rcefoto.com\/fr\/wp-json\/wp\/v2\/media\/3947062"}],"wp:attachment":[{"href":"https:\/\/www.rcefoto.com\/fr\/wp-json\/wp\/v2\/media?parent=1922"}],"wp:term":[{"taxonomy":"category","embeddable":true,"href":"https:\/\/www.rcefoto.com\/fr\/wp-json\/wp\/v2\/categories?post=1922"},{"taxonomy":"post_tag","embeddable":true,"href":"https:\/\/www.rcefoto.com\/fr\/wp-json\/wp\/v2\/tags?post=1922"}],"curies":[{"name":"wp","href":"https:\/\/api.w.org\/{rel}","templated":true}]}}