{"id":1795,"date":"2024-02-05T12:28:58","date_gmt":"2024-02-05T11:28:58","guid":{"rendered":"https:\/\/www.rcefoto.com\/les-feux-dartifice-et-leur-impact-sur-lenvironnement\/"},"modified":"2025-02-25T16:53:48","modified_gmt":"2025-02-25T15:53:48","slug":"les-feux-dartifice-et-leur-impact-sur-lenvironnement","status":"publish","type":"post","link":"https:\/\/www.rcefoto.com\/fr\/les-feux-dartifice-et-leur-impact-sur-lenvironnement\/","title":{"rendered":"Les Feux d\u2019artifice et leur impact sur l\u2019environnement"},"content":{"rendered":"","protected":false},"excerpt":{"rendered":"<p> Les feux d\u2019artifice sont fantastiques, n\u00e9anmoins ils ont un impact tr\u00e8s n\u00e9gatif sur l\u2019environnement<\/p>\n","protected":false},"author":0,"featured_media":1796,"comment_status":"closed","ping_status":"closed","sticky":false,"template":"","format":"standard","meta":{"_acf_changed":false,"footnotes":""},"categories":[2,54],"tags":[],"class_list":["post-1795","post","type-post","status-publish","format-standard","has-post-thumbnail","hentry","category-non-classifiee","category-second-hand-saves-the-world-fr"],"acf":[],"yoast_head":"<!-- This site is optimized with the Yoast SEO Premium plugin v26.1 (Yoast SEO v26.2) - https:\/\/yoast.com\/wordpress\/plugins\/seo\/ -->\n<title>Les Feux d\u2019artifice et leur impact sur l\u2019environnement - RCE Foto<\/title>\n<meta name=\"description\" content=\"Les feux d\u2019artifice sont fantastiques, n\u00e9anmoins ils ont un impact tr\u00e8s n\u00e9gatif sur l\u2019environnement\" \/>\n<meta name=\"robots\" content=\"index, follow, max-snippet:-1, max-image-preview:large, max-video-preview:-1\" \/>\n<link rel=\"canonical\" href=\"https:\/\/www.rcefoto.com\/fr\/les-feux-dartifice-et-leur-impact-sur-lenvironnement\/\" \/>\n<meta property=\"og:locale\" content=\"fr_FR\" \/>\n<meta property=\"og:type\" content=\"article\" \/>\n<meta property=\"og:title\" content=\"Les Feux d\u2019artifice et leur impact sur l\u2019environnement\" \/>\n<meta property=\"og:description\" content=\"Les feux d\u2019artifice sont fantastiques, n\u00e9anmoins ils ont un impact tr\u00e8s n\u00e9gatif sur l\u2019environnement\" \/>\n<meta property=\"og:url\" content=\"https:\/\/www.rcefoto.com\/fr\/les-feux-dartifice-et-leur-impact-sur-lenvironnement\/\" \/>\n<meta property=\"og:site_name\" content=\"RCE Foto\" \/>\n<meta property=\"article:publisher\" content=\"https:\/\/www.facebook.com\/rcefoto\/\" \/>\n<meta property=\"article:published_time\" content=\"2024-02-05T11:28:58+00:00\" \/>\n<meta property=\"article:modified_time\" content=\"2025-02-25T15:53:48+00:00\" \/>\n<meta property=\"og:image\" content=\"https:\/\/www.rcefoto.com\/wp-content\/uploads\/revslider\/video-media\/fuochi_210_layer.jpeg\" \/>\n\t<meta property=\"og:image:width\" content=\"1\" \/>\n\t<meta property=\"og:image:height\" content=\"1\" \/>\n\t<meta property=\"og:image:type\" content=\"image\/jpeg\" \/>\n<meta name=\"twitter:card\" content=\"summary_large_image\" \/>\n<script type=\"application\/ld+json\" class=\"yoast-schema-graph\">{\"@context\":\"https:\/\/schema.org\",\"@graph\":[{\"@type\":\"Article\",\"@id\":\"https:\/\/www.rcefoto.com\/fr\/les-feux-dartifice-et-leur-impact-sur-lenvironnement\/#article\",\"isPartOf\":{\"@id\":\"https:\/\/www.rcefoto.com\/fr\/les-feux-dartifice-et-leur-impact-sur-lenvironnement\/\"},\"author\":{\"name\":\"\",\"@id\":\"\"},\"headline\":\"Les Feux d\u2019artifice et leur impact sur l\u2019environnement\",\"datePublished\":\"2024-02-05T11:28:58+00:00\",\"dateModified\":\"2025-02-25T15:53:48+00:00\",\"mainEntityOfPage\":{\"@id\":\"https:\/\/www.rcefoto.com\/fr\/les-feux-dartifice-et-leur-impact-sur-lenvironnement\/\"},\"wordCount\":10,\"publisher\":{\"@id\":\"https:\/\/www.rcefoto.com\/#organization\"},\"image\":{\"@id\":\"https:\/\/www.rcefoto.com\/fr\/les-feux-dartifice-et-leur-impact-sur-lenvironnement\/#primaryimage\"},\"thumbnailUrl\":\"https:\/\/www.rcefoto.com\/wp-content\/uploads\/revslider\/video-media\/fuochi_210_layer.jpeg\",\"articleSection\":[\"Non classifi\u00e9(e)\",\"Second Hand Saves The World\"],\"inLanguage\":\"fr-FR\"},{\"@type\":\"WebPage\",\"@id\":\"https:\/\/www.rcefoto.com\/fr\/les-feux-dartifice-et-leur-impact-sur-lenvironnement\/\",\"url\":\"https:\/\/www.rcefoto.com\/fr\/les-feux-dartifice-et-leur-impact-sur-lenvironnement\/\",\"name\":\"Les Feux d\u2019artifice et leur impact sur l\u2019environnement - RCE Foto\",\"isPartOf\":{\"@id\":\"https:\/\/www.rcefoto.com\/#website\"},\"primaryImageOfPage\":{\"@id\":\"https:\/\/www.rcefoto.com\/fr\/les-feux-dartifice-et-leur-impact-sur-lenvironnement\/#primaryimage\"},\"image\":{\"@id\":\"https:\/\/www.rcefoto.com\/fr\/les-feux-dartifice-et-leur-impact-sur-lenvironnement\/#primaryimage\"},\"thumbnailUrl\":\"https:\/\/www.rcefoto.com\/wp-content\/uploads\/revslider\/video-media\/fuochi_210_layer.jpeg\",\"datePublished\":\"2024-02-05T11:28:58+00:00\",\"dateModified\":\"2025-02-25T15:53:48+00:00\",\"description\":\"Les feux d\u2019artifice sont fantastiques, n\u00e9anmoins ils ont un impact tr\u00e8s n\u00e9gatif sur l\u2019environnement\",\"breadcrumb\":{\"@id\":\"https:\/\/www.rcefoto.com\/fr\/les-feux-dartifice-et-leur-impact-sur-lenvironnement\/#breadcrumb\"},\"inLanguage\":\"fr-FR\",\"potentialAction\":[{\"@type\":\"ReadAction\",\"target\":[\"https:\/\/www.rcefoto.com\/fr\/les-feux-dartifice-et-leur-impact-sur-lenvironnement\/\"]}]},{\"@type\":\"ImageObject\",\"inLanguage\":\"fr-FR\",\"@id\":\"https:\/\/www.rcefoto.com\/fr\/les-feux-dartifice-et-leur-impact-sur-lenvironnement\/#primaryimage\",\"url\":\"https:\/\/www.rcefoto.com\/wp-content\/uploads\/revslider\/video-media\/fuochi_210_layer.jpeg\",\"contentUrl\":\"https:\/\/www.rcefoto.com\/wp-content\/uploads\/revslider\/video-media\/fuochi_210_layer.jpeg\"},{\"@type\":\"BreadcrumbList\",\"@id\":\"https:\/\/www.rcefoto.com\/fr\/les-feux-dartifice-et-leur-impact-sur-lenvironnement\/#breadcrumb\",\"itemListElement\":[{\"@type\":\"ListItem\",\"position\":1,\"name\":\"--home--\",\"item\":\"https:\/\/www.rcefoto.com\/fr\/\"},{\"@type\":\"ListItem\",\"position\":2,\"name\":\"Les Feux d\u2019artifice et leur impact sur l\u2019environnement\"}]},{\"@type\":\"WebSite\",\"@id\":\"https:\/\/www.rcefoto.com\/#website\",\"url\":\"https:\/\/www.rcefoto.com\/\",\"name\":\"RCE Foto\",\"description\":\"Il pi\u00f9 grande mercato di usato fotografico garantito d&#039;Italia\",\"publisher\":{\"@id\":\"https:\/\/www.rcefoto.com\/#organization\"},\"potentialAction\":[{\"@type\":\"SearchAction\",\"target\":{\"@type\":\"EntryPoint\",\"urlTemplate\":\"https:\/\/www.rcefoto.com\/?s={search_term_string}\"},\"query-input\":{\"@type\":\"PropertyValueSpecification\",\"valueRequired\":true,\"valueName\":\"search_term_string\"}}],\"inLanguage\":\"fr-FR\"},{\"@type\":\"Organization\",\"@id\":\"https:\/\/www.rcefoto.com\/#organization\",\"name\":\"RCE Foto\",\"url\":\"https:\/\/www.rcefoto.com\/\",\"logo\":{\"@type\":\"ImageObject\",\"inLanguage\":\"fr-FR\",\"@id\":\"https:\/\/www.rcefoto.com\/#\/schema\/logo\/image\/\",\"url\":\"https:\/\/www.rcefoto.com\/wp-content\/uploads\/2025\/10\/logo-rce-2x.png\",\"contentUrl\":\"https:\/\/www.rcefoto.com\/wp-content\/uploads\/2025\/10\/logo-rce-2x.png\",\"width\":200,\"height\":200,\"caption\":\"RCE Foto\"},\"image\":{\"@id\":\"https:\/\/www.rcefoto.com\/#\/schema\/logo\/image\/\"},\"sameAs\":[\"https:\/\/www.facebook.com\/rcefoto\/\",\"https:\/\/www.instagram.com\/rce_foto\/\",\"https:\/\/www.youtube.com\/@RceFoto-Official\/featured\"]}]}<\/script>\n<!-- \/ Yoast SEO Premium plugin. -->","yoast_head_json":{"title":"Les Feux d\u2019artifice et leur impact sur l\u2019environnement - RCE Foto","description":"Les feux d\u2019artifice sont fantastiques, n\u00e9anmoins ils ont un impact tr\u00e8s n\u00e9gatif sur l\u2019environnement","robots":{"index":"index","follow":"follow","max-snippet":"max-snippet:-1","max-image-preview":"max-image-preview:large","max-video-preview":"max-video-preview:-1"},"canonical":"https:\/\/www.rcefoto.com\/fr\/les-feux-dartifice-et-leur-impact-sur-lenvironnement\/","og_locale":"fr_FR","og_type":"article","og_title":"Les Feux d\u2019artifice et leur impact sur l\u2019environnement","og_description":"Les feux d\u2019artifice sont fantastiques, n\u00e9anmoins ils ont un impact tr\u00e8s n\u00e9gatif sur l\u2019environnement","og_url":"https:\/\/www.rcefoto.com\/fr\/les-feux-dartifice-et-leur-impact-sur-lenvironnement\/","og_site_name":"RCE Foto","article_publisher":"https:\/\/www.facebook.com\/rcefoto\/","article_published_time":"2024-02-05T11:28:58+00:00","article_modified_time":"2025-02-25T15:53:48+00:00","og_image":[{"url":"https:\/\/www.rcefoto.com\/wp-content\/uploads\/revslider\/video-media\/fuochi_210_layer.jpeg","width":1,"height":1,"type":"image\/jpeg"}],"twitter_card":"summary_large_image","schema":{"@context":"https:\/\/schema.org","@graph":[{"@type":"Article","@id":"https:\/\/www.rcefoto.com\/fr\/les-feux-dartifice-et-leur-impact-sur-lenvironnement\/#article","isPartOf":{"@id":"https:\/\/www.rcefoto.com\/fr\/les-feux-dartifice-et-leur-impact-sur-lenvironnement\/"},"author":{"name":"","@id":""},"headline":"Les Feux d\u2019artifice et leur impact sur l\u2019environnement","datePublished":"2024-02-05T11:28:58+00:00","dateModified":"2025-02-25T15:53:48+00:00","mainEntityOfPage":{"@id":"https:\/\/www.rcefoto.com\/fr\/les-feux-dartifice-et-leur-impact-sur-lenvironnement\/"},"wordCount":10,"publisher":{"@id":"https:\/\/www.rcefoto.com\/#organization"},"image":{"@id":"https:\/\/www.rcefoto.com\/fr\/les-feux-dartifice-et-leur-impact-sur-lenvironnement\/#primaryimage"},"thumbnailUrl":"https:\/\/www.rcefoto.com\/wp-content\/uploads\/revslider\/video-media\/fuochi_210_layer.jpeg","articleSection":["Non classifi\u00e9(e)","Second Hand Saves The World"],"inLanguage":"fr-FR"},{"@type":"WebPage","@id":"https:\/\/www.rcefoto.com\/fr\/les-feux-dartifice-et-leur-impact-sur-lenvironnement\/","url":"https:\/\/www.rcefoto.com\/fr\/les-feux-dartifice-et-leur-impact-sur-lenvironnement\/","name":"Les Feux d\u2019artifice et leur impact sur l\u2019environnement - RCE Foto","isPartOf":{"@id":"https:\/\/www.rcefoto.com\/#website"},"primaryImageOfPage":{"@id":"https:\/\/www.rcefoto.com\/fr\/les-feux-dartifice-et-leur-impact-sur-lenvironnement\/#primaryimage"},"image":{"@id":"https:\/\/www.rcefoto.com\/fr\/les-feux-dartifice-et-leur-impact-sur-lenvironnement\/#primaryimage"},"thumbnailUrl":"https:\/\/www.rcefoto.com\/wp-content\/uploads\/revslider\/video-media\/fuochi_210_layer.jpeg","datePublished":"2024-02-05T11:28:58+00:00","dateModified":"2025-02-25T15:53:48+00:00","description":"Les feux d\u2019artifice sont fantastiques, n\u00e9anmoins ils ont un impact tr\u00e8s n\u00e9gatif sur l\u2019environnement","breadcrumb":{"@id":"https:\/\/www.rcefoto.com\/fr\/les-feux-dartifice-et-leur-impact-sur-lenvironnement\/#breadcrumb"},"inLanguage":"fr-FR","potentialAction":[{"@type":"ReadAction","target":["https:\/\/www.rcefoto.com\/fr\/les-feux-dartifice-et-leur-impact-sur-lenvironnement\/"]}]},{"@type":"ImageObject","inLanguage":"fr-FR","@id":"https:\/\/www.rcefoto.com\/fr\/les-feux-dartifice-et-leur-impact-sur-lenvironnement\/#primaryimage","url":"https:\/\/www.rcefoto.com\/wp-content\/uploads\/revslider\/video-media\/fuochi_210_layer.jpeg","contentUrl":"https:\/\/www.rcefoto.com\/wp-content\/uploads\/revslider\/video-media\/fuochi_210_layer.jpeg"},{"@type":"BreadcrumbList","@id":"https:\/\/www.rcefoto.com\/fr\/les-feux-dartifice-et-leur-impact-sur-lenvironnement\/#breadcrumb","itemListElement":[{"@type":"ListItem","position":1,"name":"--home--","item":"https:\/\/www.rcefoto.com\/fr\/"},{"@type":"ListItem","position":2,"name":"Les Feux d\u2019artifice et leur impact sur l\u2019environnement"}]},{"@type":"WebSite","@id":"https:\/\/www.rcefoto.com\/#website","url":"https:\/\/www.rcefoto.com\/","name":"RCE Foto","description":"Il pi\u00f9 grande mercato di usato fotografico garantito d&#039;Italia","publisher":{"@id":"https:\/\/www.rcefoto.com\/#organization"},"potentialAction":[{"@type":"SearchAction","target":{"@type":"EntryPoint","urlTemplate":"https:\/\/www.rcefoto.com\/?s={search_term_string}"},"query-input":{"@type":"PropertyValueSpecification","valueRequired":true,"valueName":"search_term_string"}}],"inLanguage":"fr-FR"},{"@type":"Organization","@id":"https:\/\/www.rcefoto.com\/#organization","name":"RCE Foto","url":"https:\/\/www.rcefoto.com\/","logo":{"@type":"ImageObject","inLanguage":"fr-FR","@id":"https:\/\/www.rcefoto.com\/#\/schema\/logo\/image\/","url":"https:\/\/www.rcefoto.com\/wp-content\/uploads\/2025\/10\/logo-rce-2x.png","contentUrl":"https:\/\/www.rcefoto.com\/wp-content\/uploads\/2025\/10\/logo-rce-2x.png","width":200,"height":200,"caption":"RCE Foto"},"image":{"@id":"https:\/\/www.rcefoto.com\/#\/schema\/logo\/image\/"},"sameAs":["https:\/\/www.facebook.com\/rcefoto\/","https:\/\/www.instagram.com\/rce_foto\/","https:\/\/www.youtube.com\/@RceFoto-Official\/featured"]}]}},"_links":{"self":[{"href":"https:\/\/www.rcefoto.com\/fr\/wp-json\/wp\/v2\/posts\/1795","targetHints":{"allow":["GET"]}}],"collection":[{"href":"https:\/\/www.rcefoto.com\/fr\/wp-json\/wp\/v2\/posts"}],"about":[{"href":"https:\/\/www.rcefoto.com\/fr\/wp-json\/wp\/v2\/types\/post"}],"replies":[{"embeddable":true,"href":"https:\/\/www.rcefoto.com\/fr\/wp-json\/wp\/v2\/comments?post=1795"}],"version-history":[{"count":1,"href":"https:\/\/www.rcefoto.com\/fr\/wp-json\/wp\/v2\/posts\/1795\/revisions"}],"predecessor-version":[{"id":3927220,"href":"https:\/\/www.rcefoto.com\/fr\/wp-json\/wp\/v2\/posts\/1795\/revisions\/3927220"}],"wp:featuredmedia":[{"embeddable":true,"href":"https:\/\/www.rcefoto.com\/fr\/wp-json\/wp\/v2\/media\/1796"}],"wp:attachment":[{"href":"https:\/\/www.rcefoto.com\/fr\/wp-json\/wp\/v2\/media?parent=1795"}],"wp:term":[{"taxonomy":"category","embeddable":true,"href":"https:\/\/www.rcefoto.com\/fr\/wp-json\/wp\/v2\/categories?post=1795"},{"taxonomy":"post_tag","embeddable":true,"href":"https:\/\/www.rcefoto.com\/fr\/wp-json\/wp\/v2\/tags?post=1795"}],"curies":[{"name":"wp","href":"https:\/\/api.w.org\/{rel}","templated":true}]}}