{"id":1696,"date":"2023-09-28T14:20:34","date_gmt":"2023-09-28T12:20:34","guid":{"rendered":"https:\/\/www.rcefoto.com\/un-verdict-decisif-de-la-cour-supreme-du-bresil-rejette-le-tres-controverse-marco-temporal\/"},"modified":"2025-02-25T16:53:39","modified_gmt":"2025-02-25T15:53:39","slug":"un-verdict-decisif-de-la-cour-supreme-du-bresil-rejette-le-tres-controverse-marco-temporal","status":"publish","type":"post","link":"https:\/\/www.rcefoto.com\/fr\/un-verdict-decisif-de-la-cour-supreme-du-bresil-rejette-le-tres-controverse-marco-temporal\/","title":{"rendered":"Un verdict d\u00e9cisif de la cour supr\u00eame du Br\u00e9sil rejette le tr\u00e8s controvers\u00e9 \u201cMarco Temporal\u201d"},"content":{"rendered":"","protected":false},"excerpt":{"rendered":"<p>Un verdict d\u00e9cisif de la cour supr\u00eame du Br\u00e9sil rejette le tr\u00e8s controvers\u00e9 \u201cMarco Temporal\u201d, prot\u00e9geant ainsi les droits territoriaux des peuples indig\u00e8nes et en soutenant la lutte pour la conservation des terres ancestrales.<\/p>\n","protected":false},"author":0,"featured_media":1691,"comment_status":"closed","ping_status":"closed","sticky":false,"template":"","format":"standard","meta":{"_acf_changed":false,"footnotes":""},"categories":[2,54],"tags":[],"class_list":["post-1696","post","type-post","status-publish","format-standard","has-post-thumbnail","hentry","category-non-classifiee","category-second-hand-saves-the-world-fr"],"acf":[],"yoast_head":"<!-- This site is optimized with the Yoast SEO Premium plugin v26.1 (Yoast SEO v26.2) - https:\/\/yoast.com\/wordpress\/plugins\/seo\/ -->\n<title>Un verdict d\u00e9cisif de la cour supr\u00eame du Br\u00e9sil rejette le tr\u00e8s controvers\u00e9 \u201cMarco Temporal\u201d - RCE Foto<\/title>\n<meta name=\"description\" content=\"Un verdict d\u00e9cisif de la cour supr\u00eame du Br\u00e9sil rejette le tr\u00e8s controvers\u00e9 \u201cMarco Temporal\u201d, prot\u00e9geant ainsi les droits territoriaux des peuples indig\u00e8nes et en soutenant la lutte pour la conservation des terres ancestrales.\" \/>\n<meta name=\"robots\" content=\"index, follow, max-snippet:-1, max-image-preview:large, max-video-preview:-1\" \/>\n<link rel=\"canonical\" href=\"https:\/\/www.rcefoto.com\/fr\/un-verdict-decisif-de-la-cour-supreme-du-bresil-rejette-le-tres-controverse-marco-temporal\/\" \/>\n<meta property=\"og:locale\" content=\"fr_FR\" \/>\n<meta property=\"og:type\" content=\"article\" \/>\n<meta property=\"og:title\" content=\"Un verdict d\u00e9cisif de la cour supr\u00eame du Br\u00e9sil rejette le tr\u00e8s controvers\u00e9 \u201cMarco Temporal\u201d\" \/>\n<meta property=\"og:description\" content=\"Un verdict d\u00e9cisif de la cour supr\u00eame du Br\u00e9sil rejette le tr\u00e8s controvers\u00e9 \u201cMarco Temporal\u201d, prot\u00e9geant ainsi les droits territoriaux des peuples indig\u00e8nes et en soutenant la lutte pour la conservation des terres ancestrales.\" \/>\n<meta property=\"og:url\" content=\"https:\/\/www.rcefoto.com\/fr\/un-verdict-decisif-de-la-cour-supreme-du-bresil-rejette-le-tres-controverse-marco-temporal\/\" \/>\n<meta property=\"og:site_name\" content=\"RCE Foto\" \/>\n<meta property=\"article:publisher\" content=\"https:\/\/www.facebook.com\/rcefoto\/\" \/>\n<meta property=\"article:published_time\" content=\"2023-09-28T12:20:34+00:00\" \/>\n<meta property=\"article:modified_time\" content=\"2025-02-25T15:53:39+00:00\" \/>\n<meta property=\"og:image\" content=\"https:\/\/www.rcefoto.com\/wp-content\/uploads\/2023\/09\/amazzonia-marco-temporal.jpg\" \/>\n\t<meta property=\"og:image:width\" content=\"1\" \/>\n\t<meta property=\"og:image:height\" content=\"1\" \/>\n\t<meta property=\"og:image:type\" content=\"image\/jpeg\" \/>\n<meta name=\"twitter:card\" content=\"summary_large_image\" \/>\n<script type=\"application\/ld+json\" class=\"yoast-schema-graph\">{\"@context\":\"https:\/\/schema.org\",\"@graph\":[{\"@type\":\"Article\",\"@id\":\"https:\/\/www.rcefoto.com\/fr\/un-verdict-decisif-de-la-cour-supreme-du-bresil-rejette-le-tres-controverse-marco-temporal\/#article\",\"isPartOf\":{\"@id\":\"https:\/\/www.rcefoto.com\/fr\/un-verdict-decisif-de-la-cour-supreme-du-bresil-rejette-le-tres-controverse-marco-temporal\/\"},\"author\":{\"name\":\"\",\"@id\":\"\"},\"headline\":\"Un verdict d\u00e9cisif de la cour supr\u00eame du Br\u00e9sil rejette le tr\u00e8s controvers\u00e9 \u201cMarco Temporal\u201d\",\"datePublished\":\"2023-09-28T12:20:34+00:00\",\"dateModified\":\"2025-02-25T15:53:39+00:00\",\"mainEntityOfPage\":{\"@id\":\"https:\/\/www.rcefoto.com\/fr\/un-verdict-decisif-de-la-cour-supreme-du-bresil-rejette-le-tres-controverse-marco-temporal\/\"},\"wordCount\":19,\"publisher\":{\"@id\":\"https:\/\/www.rcefoto.com\/#organization\"},\"image\":{\"@id\":\"https:\/\/www.rcefoto.com\/fr\/un-verdict-decisif-de-la-cour-supreme-du-bresil-rejette-le-tres-controverse-marco-temporal\/#primaryimage\"},\"thumbnailUrl\":\"https:\/\/www.rcefoto.com\/wp-content\/uploads\/2023\/09\/amazzonia-marco-temporal.jpg\",\"articleSection\":[\"Non classifi\u00e9(e)\",\"Second Hand Saves The World\"],\"inLanguage\":\"fr-FR\"},{\"@type\":\"WebPage\",\"@id\":\"https:\/\/www.rcefoto.com\/fr\/un-verdict-decisif-de-la-cour-supreme-du-bresil-rejette-le-tres-controverse-marco-temporal\/\",\"url\":\"https:\/\/www.rcefoto.com\/fr\/un-verdict-decisif-de-la-cour-supreme-du-bresil-rejette-le-tres-controverse-marco-temporal\/\",\"name\":\"Un verdict d\u00e9cisif de la cour supr\u00eame du Br\u00e9sil rejette le tr\u00e8s controvers\u00e9 \u201cMarco Temporal\u201d - RCE Foto\",\"isPartOf\":{\"@id\":\"https:\/\/www.rcefoto.com\/#website\"},\"primaryImageOfPage\":{\"@id\":\"https:\/\/www.rcefoto.com\/fr\/un-verdict-decisif-de-la-cour-supreme-du-bresil-rejette-le-tres-controverse-marco-temporal\/#primaryimage\"},\"image\":{\"@id\":\"https:\/\/www.rcefoto.com\/fr\/un-verdict-decisif-de-la-cour-supreme-du-bresil-rejette-le-tres-controverse-marco-temporal\/#primaryimage\"},\"thumbnailUrl\":\"https:\/\/www.rcefoto.com\/wp-content\/uploads\/2023\/09\/amazzonia-marco-temporal.jpg\",\"datePublished\":\"2023-09-28T12:20:34+00:00\",\"dateModified\":\"2025-02-25T15:53:39+00:00\",\"description\":\"Un verdict d\u00e9cisif de la cour supr\u00eame du Br\u00e9sil rejette le tr\u00e8s controvers\u00e9 \u201cMarco Temporal\u201d, prot\u00e9geant ainsi les droits territoriaux des peuples indig\u00e8nes et en soutenant la lutte pour la conservation des terres ancestrales.\",\"breadcrumb\":{\"@id\":\"https:\/\/www.rcefoto.com\/fr\/un-verdict-decisif-de-la-cour-supreme-du-bresil-rejette-le-tres-controverse-marco-temporal\/#breadcrumb\"},\"inLanguage\":\"fr-FR\",\"potentialAction\":[{\"@type\":\"ReadAction\",\"target\":[\"https:\/\/www.rcefoto.com\/fr\/un-verdict-decisif-de-la-cour-supreme-du-bresil-rejette-le-tres-controverse-marco-temporal\/\"]}]},{\"@type\":\"ImageObject\",\"inLanguage\":\"fr-FR\",\"@id\":\"https:\/\/www.rcefoto.com\/fr\/un-verdict-decisif-de-la-cour-supreme-du-bresil-rejette-le-tres-controverse-marco-temporal\/#primaryimage\",\"url\":\"https:\/\/www.rcefoto.com\/wp-content\/uploads\/2023\/09\/amazzonia-marco-temporal.jpg\",\"contentUrl\":\"https:\/\/www.rcefoto.com\/wp-content\/uploads\/2023\/09\/amazzonia-marco-temporal.jpg\"},{\"@type\":\"BreadcrumbList\",\"@id\":\"https:\/\/www.rcefoto.com\/fr\/un-verdict-decisif-de-la-cour-supreme-du-bresil-rejette-le-tres-controverse-marco-temporal\/#breadcrumb\",\"itemListElement\":[{\"@type\":\"ListItem\",\"position\":1,\"name\":\"--home--\",\"item\":\"https:\/\/www.rcefoto.com\/fr\/\"},{\"@type\":\"ListItem\",\"position\":2,\"name\":\"Un verdict d\u00e9cisif de la cour supr\u00eame du Br\u00e9sil rejette le tr\u00e8s controvers\u00e9 \u201cMarco Temporal\u201d\"}]},{\"@type\":\"WebSite\",\"@id\":\"https:\/\/www.rcefoto.com\/#website\",\"url\":\"https:\/\/www.rcefoto.com\/\",\"name\":\"RCE Foto\",\"description\":\"Il pi\u00f9 grande mercato di usato fotografico garantito d&#039;Italia\",\"publisher\":{\"@id\":\"https:\/\/www.rcefoto.com\/#organization\"},\"potentialAction\":[{\"@type\":\"SearchAction\",\"target\":{\"@type\":\"EntryPoint\",\"urlTemplate\":\"https:\/\/www.rcefoto.com\/?s={search_term_string}\"},\"query-input\":{\"@type\":\"PropertyValueSpecification\",\"valueRequired\":true,\"valueName\":\"search_term_string\"}}],\"inLanguage\":\"fr-FR\"},{\"@type\":\"Organization\",\"@id\":\"https:\/\/www.rcefoto.com\/#organization\",\"name\":\"RCE Foto\",\"url\":\"https:\/\/www.rcefoto.com\/\",\"logo\":{\"@type\":\"ImageObject\",\"inLanguage\":\"fr-FR\",\"@id\":\"https:\/\/www.rcefoto.com\/#\/schema\/logo\/image\/\",\"url\":\"https:\/\/www.rcefoto.com\/wp-content\/uploads\/2025\/10\/logo-rce-2x.png\",\"contentUrl\":\"https:\/\/www.rcefoto.com\/wp-content\/uploads\/2025\/10\/logo-rce-2x.png\",\"width\":200,\"height\":200,\"caption\":\"RCE Foto\"},\"image\":{\"@id\":\"https:\/\/www.rcefoto.com\/#\/schema\/logo\/image\/\"},\"sameAs\":[\"https:\/\/www.facebook.com\/rcefoto\/\",\"https:\/\/www.instagram.com\/rce_foto\/\",\"https:\/\/www.youtube.com\/@RceFoto-Official\/featured\"]}]}<\/script>\n<!-- \/ Yoast SEO Premium plugin. -->","yoast_head_json":{"title":"Un verdict d\u00e9cisif de la cour supr\u00eame du Br\u00e9sil rejette le tr\u00e8s controvers\u00e9 \u201cMarco Temporal\u201d - RCE Foto","description":"Un verdict d\u00e9cisif de la cour supr\u00eame du Br\u00e9sil rejette le tr\u00e8s controvers\u00e9 \u201cMarco Temporal\u201d, prot\u00e9geant ainsi les droits territoriaux des peuples indig\u00e8nes et en soutenant la lutte pour la conservation des terres ancestrales.","robots":{"index":"index","follow":"follow","max-snippet":"max-snippet:-1","max-image-preview":"max-image-preview:large","max-video-preview":"max-video-preview:-1"},"canonical":"https:\/\/www.rcefoto.com\/fr\/un-verdict-decisif-de-la-cour-supreme-du-bresil-rejette-le-tres-controverse-marco-temporal\/","og_locale":"fr_FR","og_type":"article","og_title":"Un verdict d\u00e9cisif de la cour supr\u00eame du Br\u00e9sil rejette le tr\u00e8s controvers\u00e9 \u201cMarco Temporal\u201d","og_description":"Un verdict d\u00e9cisif de la cour supr\u00eame du Br\u00e9sil rejette le tr\u00e8s controvers\u00e9 \u201cMarco Temporal\u201d, prot\u00e9geant ainsi les droits territoriaux des peuples indig\u00e8nes et en soutenant la lutte pour la conservation des terres ancestrales.","og_url":"https:\/\/www.rcefoto.com\/fr\/un-verdict-decisif-de-la-cour-supreme-du-bresil-rejette-le-tres-controverse-marco-temporal\/","og_site_name":"RCE Foto","article_publisher":"https:\/\/www.facebook.com\/rcefoto\/","article_published_time":"2023-09-28T12:20:34+00:00","article_modified_time":"2025-02-25T15:53:39+00:00","og_image":[{"url":"https:\/\/www.rcefoto.com\/wp-content\/uploads\/2023\/09\/amazzonia-marco-temporal.jpg","width":1,"height":1,"type":"image\/jpeg"}],"twitter_card":"summary_large_image","schema":{"@context":"https:\/\/schema.org","@graph":[{"@type":"Article","@id":"https:\/\/www.rcefoto.com\/fr\/un-verdict-decisif-de-la-cour-supreme-du-bresil-rejette-le-tres-controverse-marco-temporal\/#article","isPartOf":{"@id":"https:\/\/www.rcefoto.com\/fr\/un-verdict-decisif-de-la-cour-supreme-du-bresil-rejette-le-tres-controverse-marco-temporal\/"},"author":{"name":"","@id":""},"headline":"Un verdict d\u00e9cisif de la cour supr\u00eame du Br\u00e9sil rejette le tr\u00e8s controvers\u00e9 \u201cMarco Temporal\u201d","datePublished":"2023-09-28T12:20:34+00:00","dateModified":"2025-02-25T15:53:39+00:00","mainEntityOfPage":{"@id":"https:\/\/www.rcefoto.com\/fr\/un-verdict-decisif-de-la-cour-supreme-du-bresil-rejette-le-tres-controverse-marco-temporal\/"},"wordCount":19,"publisher":{"@id":"https:\/\/www.rcefoto.com\/#organization"},"image":{"@id":"https:\/\/www.rcefoto.com\/fr\/un-verdict-decisif-de-la-cour-supreme-du-bresil-rejette-le-tres-controverse-marco-temporal\/#primaryimage"},"thumbnailUrl":"https:\/\/www.rcefoto.com\/wp-content\/uploads\/2023\/09\/amazzonia-marco-temporal.jpg","articleSection":["Non classifi\u00e9(e)","Second Hand Saves The World"],"inLanguage":"fr-FR"},{"@type":"WebPage","@id":"https:\/\/www.rcefoto.com\/fr\/un-verdict-decisif-de-la-cour-supreme-du-bresil-rejette-le-tres-controverse-marco-temporal\/","url":"https:\/\/www.rcefoto.com\/fr\/un-verdict-decisif-de-la-cour-supreme-du-bresil-rejette-le-tres-controverse-marco-temporal\/","name":"Un verdict d\u00e9cisif de la cour supr\u00eame du Br\u00e9sil rejette le tr\u00e8s controvers\u00e9 \u201cMarco Temporal\u201d - RCE Foto","isPartOf":{"@id":"https:\/\/www.rcefoto.com\/#website"},"primaryImageOfPage":{"@id":"https:\/\/www.rcefoto.com\/fr\/un-verdict-decisif-de-la-cour-supreme-du-bresil-rejette-le-tres-controverse-marco-temporal\/#primaryimage"},"image":{"@id":"https:\/\/www.rcefoto.com\/fr\/un-verdict-decisif-de-la-cour-supreme-du-bresil-rejette-le-tres-controverse-marco-temporal\/#primaryimage"},"thumbnailUrl":"https:\/\/www.rcefoto.com\/wp-content\/uploads\/2023\/09\/amazzonia-marco-temporal.jpg","datePublished":"2023-09-28T12:20:34+00:00","dateModified":"2025-02-25T15:53:39+00:00","description":"Un verdict d\u00e9cisif de la cour supr\u00eame du Br\u00e9sil rejette le tr\u00e8s controvers\u00e9 \u201cMarco Temporal\u201d, prot\u00e9geant ainsi les droits territoriaux des peuples indig\u00e8nes et en soutenant la lutte pour la conservation des terres ancestrales.","breadcrumb":{"@id":"https:\/\/www.rcefoto.com\/fr\/un-verdict-decisif-de-la-cour-supreme-du-bresil-rejette-le-tres-controverse-marco-temporal\/#breadcrumb"},"inLanguage":"fr-FR","potentialAction":[{"@type":"ReadAction","target":["https:\/\/www.rcefoto.com\/fr\/un-verdict-decisif-de-la-cour-supreme-du-bresil-rejette-le-tres-controverse-marco-temporal\/"]}]},{"@type":"ImageObject","inLanguage":"fr-FR","@id":"https:\/\/www.rcefoto.com\/fr\/un-verdict-decisif-de-la-cour-supreme-du-bresil-rejette-le-tres-controverse-marco-temporal\/#primaryimage","url":"https:\/\/www.rcefoto.com\/wp-content\/uploads\/2023\/09\/amazzonia-marco-temporal.jpg","contentUrl":"https:\/\/www.rcefoto.com\/wp-content\/uploads\/2023\/09\/amazzonia-marco-temporal.jpg"},{"@type":"BreadcrumbList","@id":"https:\/\/www.rcefoto.com\/fr\/un-verdict-decisif-de-la-cour-supreme-du-bresil-rejette-le-tres-controverse-marco-temporal\/#breadcrumb","itemListElement":[{"@type":"ListItem","position":1,"name":"--home--","item":"https:\/\/www.rcefoto.com\/fr\/"},{"@type":"ListItem","position":2,"name":"Un verdict d\u00e9cisif de la cour supr\u00eame du Br\u00e9sil rejette le tr\u00e8s controvers\u00e9 \u201cMarco Temporal\u201d"}]},{"@type":"WebSite","@id":"https:\/\/www.rcefoto.com\/#website","url":"https:\/\/www.rcefoto.com\/","name":"RCE Foto","description":"Il pi\u00f9 grande mercato di usato fotografico garantito d&#039;Italia","publisher":{"@id":"https:\/\/www.rcefoto.com\/#organization"},"potentialAction":[{"@type":"SearchAction","target":{"@type":"EntryPoint","urlTemplate":"https:\/\/www.rcefoto.com\/?s={search_term_string}"},"query-input":{"@type":"PropertyValueSpecification","valueRequired":true,"valueName":"search_term_string"}}],"inLanguage":"fr-FR"},{"@type":"Organization","@id":"https:\/\/www.rcefoto.com\/#organization","name":"RCE Foto","url":"https:\/\/www.rcefoto.com\/","logo":{"@type":"ImageObject","inLanguage":"fr-FR","@id":"https:\/\/www.rcefoto.com\/#\/schema\/logo\/image\/","url":"https:\/\/www.rcefoto.com\/wp-content\/uploads\/2025\/10\/logo-rce-2x.png","contentUrl":"https:\/\/www.rcefoto.com\/wp-content\/uploads\/2025\/10\/logo-rce-2x.png","width":200,"height":200,"caption":"RCE Foto"},"image":{"@id":"https:\/\/www.rcefoto.com\/#\/schema\/logo\/image\/"},"sameAs":["https:\/\/www.facebook.com\/rcefoto\/","https:\/\/www.instagram.com\/rce_foto\/","https:\/\/www.youtube.com\/@RceFoto-Official\/featured"]}]}},"_links":{"self":[{"href":"https:\/\/www.rcefoto.com\/fr\/wp-json\/wp\/v2\/posts\/1696","targetHints":{"allow":["GET"]}}],"collection":[{"href":"https:\/\/www.rcefoto.com\/fr\/wp-json\/wp\/v2\/posts"}],"about":[{"href":"https:\/\/www.rcefoto.com\/fr\/wp-json\/wp\/v2\/types\/post"}],"replies":[{"embeddable":true,"href":"https:\/\/www.rcefoto.com\/fr\/wp-json\/wp\/v2\/comments?post=1696"}],"version-history":[{"count":1,"href":"https:\/\/www.rcefoto.com\/fr\/wp-json\/wp\/v2\/posts\/1696\/revisions"}],"predecessor-version":[{"id":3927187,"href":"https:\/\/www.rcefoto.com\/fr\/wp-json\/wp\/v2\/posts\/1696\/revisions\/3927187"}],"wp:featuredmedia":[{"embeddable":true,"href":"https:\/\/www.rcefoto.com\/fr\/wp-json\/wp\/v2\/media\/1691"}],"wp:attachment":[{"href":"https:\/\/www.rcefoto.com\/fr\/wp-json\/wp\/v2\/media?parent=1696"}],"wp:term":[{"taxonomy":"category","embeddable":true,"href":"https:\/\/www.rcefoto.com\/fr\/wp-json\/wp\/v2\/categories?post=1696"},{"taxonomy":"post_tag","embeddable":true,"href":"https:\/\/www.rcefoto.com\/fr\/wp-json\/wp\/v2\/tags?post=1696"}],"curies":[{"name":"wp","href":"https:\/\/api.w.org\/{rel}","templated":true}]}}